{"id":863,"date":"2026-01-21T23:18:24","date_gmt":"2026-01-21T22:18:24","guid":{"rendered":"https:\/\/comprensivogrottammare.edu.it\/?p=863"},"modified":"2026-01-27T08:51:02","modified_gmt":"2026-01-27T07:51:02","slug":"incontro-con-larma-dei-carabinieri","status":"publish","type":"post","link":"https:\/\/comprensivogrottammare.edu.it\/index.php\/2026\/01\/21\/incontro-con-larma-dei-carabinieri\/","title":{"rendered":"Incontro con l\u2019Arma dei Carabinieri"},"content":{"rendered":"<p>Non una data a caso: il 19 gennaio \u00e8 l\u2019anniversario della nascita del giudice <strong>Paolo Borsellino<\/strong>, nato nel 1940, ucciso dalla mafia nella strage di Via D\u2019Amelio il 23 maggio del 1992.<\/p>\n<p>Nell\u2019Istituto scolastico comprensivo \u201cGiacomo Leopardi\u201d di Grottammare si \u00e8 svolto in questa giornata al kursaal l\u2019Incontro con i Carabinieri, per <strong>l\u2019educazione alla legalit\u00e0<\/strong>.<\/p>\n<p><img data-dominant-color=\"766b5a\" data-has-transparency=\"false\" style=\"--dominant-color: #766b5a;\" decoding=\"async\" loading=\"lazy\" class=\"not-transparent alignnone size-large wp-image-867\" src=\"https:\/\/comprensivogrottammare.edu.it\/wp-content\/uploads\/2026\/01\/kursaal--1024x619.webp\" alt=\"Incontro arma dei carabinieri 2026\" width=\"1024\" height=\"619\" srcset=\"https:\/\/comprensivogrottammare.edu.it\/wp-content\/uploads\/2026\/01\/kursaal--1024x619.webp 1024w, https:\/\/comprensivogrottammare.edu.it\/wp-content\/uploads\/2026\/01\/kursaal--300x181.webp 300w, https:\/\/comprensivogrottammare.edu.it\/wp-content\/uploads\/2026\/01\/kursaal--768x464.webp 768w, https:\/\/comprensivogrottammare.edu.it\/wp-content\/uploads\/2026\/01\/kursaal--1536x928.webp 1536w, https:\/\/comprensivogrottammare.edu.it\/wp-content\/uploads\/2026\/01\/kursaal--414x250.webp 414w, https:\/\/comprensivogrottammare.edu.it\/wp-content\/uploads\/2026\/01\/kursaal--jpeg.webp 1600w\" sizes=\"(max-width: 1024px) 100vw, 1024px\" \/><\/p>\n<p>\u201cChe cosa fanno i bulli?\u201d questa la domanda che il comandante <strong>Francesco Tessitore<\/strong>, della Compagnia di Carabinieri di <strong>San Benedetto del Tronto<\/strong>, ha chiesto direttamente ai ragazzi che gremivano la sala. Vicino al Comandante, il Maresciallo <strong>Manuel Compagnone<\/strong> della Stazione dei CC di <strong>Grottammare<\/strong> e altri militari, Presente la Dirigente Scolastica, <strong>Luigina Silvestri<\/strong>, con la vicaria <strong>Luigina Ceddia<\/strong> e <strong>Oriana Vitarelli<\/strong>, consigliere comunale delegata alle politiche scolastiche.<\/p>\n<p>A rispondere al Comandante sono stati direttamente i ragazzi \u2013 qui cambiamo per privacy i loro nomi reali e li utilizziamo di fantasia.<\/p>\n<p>Mary: <em>\u201cPortano in giro con nomignoli. Fanno girare delle foto di una persona a sua insaputa, per ridicolizzarla<\/em>;<\/p>\n<p>Francesca : <em>\u201c Si parte da uno scherzo per poi ingrandirlo\u201d<\/em>;<\/p>\n<p>Matteo : <em>\u201cPossono usare le insicurezze che uno ha, contro di lui\u201d<\/em>;<\/p>\n<p>Sara : <em>\u201cIl bullo non agisce mai da solo\u201d<\/em>;<\/p>\n<p>William : <em>\u201cIl bullo sminuisce una persona, ti fa sentire microscopico\u201d<\/em><\/p>\n<p>Elena : <em>\u201cSpesso usano le tue situazioni familiari per deriderti \u201d<\/em>.<\/p>\n<p>Il Comandante Tessitore ha risposto ai ragazzi: \u201c<em>Questo comportamento dei bulli, che usano le fragilit\u00e0 delle persone \u00e8 pessimo e vergognoso veramente. Vi vorrei rivolgere un\u2019altra domanda : Se voi assisteste ad un comportamento bullo non a scuola, ma ad esempio per strada, come lo chiamereste?<\/em>\u201d. I ragazzi hanno risposto \u00a0: \u201c<em><strong>comportamento illegale<\/strong><\/em>\u201d, altri \u201c<em><strong>ingiusto<\/strong><\/em>\u201d, altri \u201c<em><strong>delinquenza<\/strong><\/em>\u201d. Il Comandante ha specificato che il termine \u201cdelinquenza\u201d \u00e8 quello pi\u00f9 adatto, in quanto la sopraffazione di una persona debole, il picchiarla per strada, fargli violenza psicologica e fisica, peggio ancora arrivare ad accoltellarla, sono a tutti gli effetti atti di delinquenza. \u201c<strong><em>Vi sono in corso aggravamenti statali sulle sanzioni relative al bullismo , ragazzi. Spero che voi sappiate che \u00e8 un reato portare un\u2019arma o un coltello a scuola<\/em><\/strong>\u201d. Purtroppo i recenti fatti di cronaca rivelano un crescente uso di coltelli tra ragazzi e adolescenti e i recenti omicidi avvenuti anche nelle scuole, drammaticamente evidenziano un problema giovanile e sociale gravissimo.<\/p>\n<p><strong>Il Maresciallo Compagnone<\/strong> : \u201c<em>Non dobbiamo attirare l\u2019attenzione. Siamo forti se stiamo dalla parte della vittima, non da quella del bullo<\/em>\u201d Fa anche lui domande ai ragazzi , spiegando che spesso il bullo \u00e8 una persona con insicurezze gravi che per farsi accettare, si traveste da persona coraggiosa e audace, ci\u00f2 allo scopo di cercare consensi tra pari, in quanto in realt\u00e0 \u00e8 proprio lui che si sente una nullit\u00e0. Il bullo ha comportamenti aggressivi e ripetitivi. \u201c<em>Non dovete avere paura, apritevi con i vostri genitori, insegnanti, anche con noi. Il bullismo si alimenta nel silenzio, si sfalda parlandone, confrontandosi, chiedendo aiuto, non dando consensi a chi lo pratica e tacendo. Se uno tace, lo alimenta<\/em>\u201d.<\/p>\n<p>I Carabinieri hanno spiegato ai ragazzi che i \u00a0bulli utilizzano le debolezze delle persone, per usarle contro di loro. <strong>Maresciallo<\/strong>: \u201c<em>Il bullo compie solitamente reati di percosse, atti persecutori, tanto che il soggetto vittima, arriva perfino a cambiare le proprie abitudini, pur di sfuggire alle minacce. E\u2019 sbagliato, nessuno ha il diritto di privare della libert\u00e0 una persona. Parlare con i carabinieri non \u00e8 fare la spia, ma avere coraggio di rompere uno schema ingiusto<\/em>\u201d.<\/p>\n<p><img data-dominant-color=\"73604c\" data-has-transparency=\"false\" style=\"--dominant-color: #73604c;\" decoding=\"async\" loading=\"lazy\" class=\"not-transparent alignnone size-large wp-image-869\" src=\"https:\/\/comprensivogrottammare.edu.it\/wp-content\/uploads\/2026\/01\/buona-1024x768.webp\" alt=\"Incontro arma dei carabinieri 2026 2\" width=\"1024\" height=\"768\" srcset=\"https:\/\/comprensivogrottammare.edu.it\/wp-content\/uploads\/2026\/01\/buona-1024x768.webp 1024w, https:\/\/comprensivogrottammare.edu.it\/wp-content\/uploads\/2026\/01\/buona-300x225.webp 300w, https:\/\/comprensivogrottammare.edu.it\/wp-content\/uploads\/2026\/01\/buona-768x576.webp 768w, https:\/\/comprensivogrottammare.edu.it\/wp-content\/uploads\/2026\/01\/buona-1536x1152.webp 1536w, https:\/\/comprensivogrottammare.edu.it\/wp-content\/uploads\/2026\/01\/buona-333x250.webp 333w, https:\/\/comprensivogrottammare.edu.it\/wp-content\/uploads\/2026\/01\/buona-jpeg.webp 2000w\" sizes=\"(max-width: 1024px) 100vw, 1024px\" \/><\/p>\n<p>Il <strong>Comandante Tessitore<\/strong> ha spiegato che Il comportamento del bullo viene sanzionato dalla Legge. \u201c<em>Se un bullo \u00e8 minore, va sanzionato anche con la reclusione, ovviamente una tipologia di reclusione adatta ai minori. Vi metto in guardia anche dal fenomeno del cyberbulismo, che \u00e8 una persecuzione che avviene sul web. Se io giro ad es. foto private su whatsApp e diffondo la catena persecutoria della vittima, sono partecipe del reato , sono complice. Nessuno pu\u00f2 essere deriso. Tutti hanno diritto di essere come vogliono in ogni loro scelta personale e di essere rispettati, tantopi\u00f9 se si tratta di persone fragili. Spesso ci si sente impuniti perch\u00e9 nascosti dietro una testiera, tuttavia dobbiamo sentirci pi\u00f9 responsabilizzati e la pena aumenta<\/em>\u201d.<\/p>\n<p><strong>Possiamo fare qualcosa per interrompere il fenomeno del bullismo ?<\/strong> \u201c<em>Noi possiamo fare qualcosa : parlare, denunciare. Spesso siamo ostacolati in questo dalla <strong>paura<\/strong> . La paura \u00e8 una emozione naturale, legata all\u2019istinto di sopravvivenza. La paura si pu\u00f2 affrontare o si pu\u00f2 scappare. A volte per\u00f2 essa diventa disfunzionale, perch\u00e9 non ci aiuta a superare la situazione, provocandomi <strong>ansia<\/strong>. Questo provano i ragazzi che subiscono il bullo: ansia, angoscia, panico. <strong>La vittima \u00e8 imprigionata in questa paura che diventa errore e si chiude, non parlando con nessuno, mentre la molestia continua e continua, continua&#8230; A questo punto, possiamo ancora fare qualcosa ?<\/strong> \u201cNon dobbiamo girare la faccia, non dobbiamo assecondare. <strong>Cosa fare allora?<\/strong> Agire per conto, se vediamo, se sappiamo, anche se la cosa non ci riguarda personalmente. Possiamo essere protagonisti per risolvere il problema e aiutare la vittima, che sta soffrendo. <strong>Noi dobbiamo impegnarci sempre, affinch\u00e8 l\u2019azione bulla venga combattuta dalla coscienza sociale.<\/strong> Se vediamo, dobbiamo parlare, dobbiamo aiutare. I ragazzi e le ragazze si devono sentire liberi di esprimersi come vogliono, senza doversi sentire imbarazzati, inadeguati, sbagliati. Noi tutti abbiamo il dovere di supportarli, sempre ! Non accettate mai soprusi, di alcun genere! Tutti abbiamo paura ma l\u2019importante \u00e8 non farsi condizionare . <strong>Dobbiamo essere fedeli ai nostri principi fin da subito, se lo farete fin da ora, anche da adulti continuerete<\/strong><\/em>\u201d.<\/p>\n<p>Applausi dei ragazzi hanno dimostrato il loro gradimento all\u2019intervento dei Carabinieri , si sono sentiti protetti. Alla domanda di un ragazzo : \u201c<strong>Perch\u00e9 lei ha scelto di fare il carabiniere?<\/strong>\u201d. Il comandante ha risposto \u201c<em>Non certo per soldi, non certo per mancanza di opportunit\u00e0 in un altro lavoro. L\u2019ho scelto perch\u00e9 volevo aiutare gli altri e rendermi utile nella societ\u00e0, volevo combattere contro le ingiustizie. La vera ricchezza \u00e8 avere ideali, voi ragazzi non perdeteli mai<\/em>\u201d.<\/p>\n<p><strong>La Dirigente Scolastica Luigina Silvestri<\/strong>. \u201c<em>Da sempre la nostra scuola \u00e8 attenta all\u2019educazione alla legalit\u00e0 e promuoviamo ogni anno iniziative e incontri come questo, proprio perch\u00e9 ci teniamo moltissimo alla valenza dell\u2019azione educativa e dell\u2019educazione civica. Ringrazio il comandante e i carabinieri per essersi prestati sempre con tanta accoglienza e disponibilit\u00e0 ad incontrare la scuola e i nostri ragazzi, promuovendo la cultura della prevenzione del disagio e della legalit\u00e0<\/em>\u201d.<\/p>\n<p><strong>La Vice preside Luigina Ceddia:<\/strong> \u201c<em>Stiamo lavorando da tempo alla Giornata del Rispetto, Noi abbiamo Un Consiglio Comunale dei Ragazzi. Stiamo promuovendo la cultura del rispetto e della riflessione. Facciamo costantemente laboratori di educazione civica con i ragazzi<\/em>\u201d.<\/p>\n<p>Il Comandante Francesco Tessitore ha spiegato che spesso le vittime di bullismo non vogliono pi\u00f9 venire a scuola, rinunciando perfino alla propria libert\u00e0 personale, alla propria esistenza a volte. \u201c<em>Parliamo di diffamazione: essa \u00e8 una <strong>offesa divulgata,<\/strong> spesso anche nelle chat whatsApp. Ma guardate\u00a0 : anche inoltrare o divulgare ci rende complici della diffamazione . Chi commette azioni da bullo, commette dei reati perseguibili . Il cyberbullismo \u00e8 un bullismo telematico, che ha addirittura pene pi\u00f9 grandi<\/em>\u201d.<\/p>\n<p>I ragazzi della Scuola Secondaria di primo grado hanno seguito con attenzione ed interesse l\u2019incontro con i carabinieri e la scuola \u201cG.Leopardi\u201d di Grottammare, ancora una volta, si \u00e8 mostrata sensibile, attenta ai ragazzi e all\u2019attualit\u00e0 del momento, promuovendo l\u2019empatia, il dialogo e la tutela del pi\u00f9 fragile.<\/p>\n<p style=\"text-align: right;\">(Susanna Faviani)<\/p>\n","protected":false},"excerpt":{"rendered":"<p>Non una data a caso: il 19 gennaio \u00e8 l\u2019anniversario della nascita del giudice Paolo Borsellino, nato nel 1940, ucciso dalla mafia nella strage di Via D\u2019Amelio il 23 maggio del 1992. Nell\u2019Istituto scolastico comprensivo \u201cGiacomo [&hellip;]<\/p>\n","protected":false},"author":2,"featured_media":495,"comment_status":"closed","ping_status":"open","sticky":false,"template":"","format":"standard","meta":{"footnotes":""},"tags":[222,223,230],"_links":{"self":[{"href":"https:\/\/comprensivogrottammare.edu.it\/index.php\/wp-json\/wp\/v2\/posts\/863"}],"collection":[{"href":"https:\/\/comprensivogrottammare.edu.it\/index.php\/wp-json\/wp\/v2\/posts"}],"about":[{"href":"https:\/\/comprensivogrottammare.edu.it\/index.php\/wp-json\/wp\/v2\/types\/post"}],"author":[{"embeddable":true,"href":"https:\/\/comprensivogrottammare.edu.it\/index.php\/wp-json\/wp\/v2\/users\/2"}],"replies":[{"embeddable":true,"href":"https:\/\/comprensivogrottammare.edu.it\/index.php\/wp-json\/wp\/v2\/comments?post=863"}],"version-history":[{"count":4,"href":"https:\/\/comprensivogrottammare.edu.it\/index.php\/wp-json\/wp\/v2\/posts\/863\/revisions"}],"predecessor-version":[{"id":871,"href":"https:\/\/comprensivogrottammare.edu.it\/index.php\/wp-json\/wp\/v2\/posts\/863\/revisions\/871"}],"wp:featuredmedia":[{"embeddable":true,"href":"https:\/\/comprensivogrottammare.edu.it\/index.php\/wp-json\/wp\/v2\/media\/495"}],"wp:attachment":[{"href":"https:\/\/comprensivogrottammare.edu.it\/index.php\/wp-json\/wp\/v2\/media?parent=863"}],"wp:term":[{"taxonomy":"post_tag","embeddable":true,"href":"https:\/\/comprensivogrottammare.edu.it\/index.php\/wp-json\/wp\/v2\/tags?post=863"}],"curies":[{"name":"wp","href":"https:\/\/api.w.org\/{rel}","templated":true}]}}