{"id":858,"date":"2026-01-22T23:06:06","date_gmt":"2026-01-22T22:06:06","guid":{"rendered":"https:\/\/comprensivogrottammare.edu.it\/?p=858"},"modified":"2026-01-27T08:55:12","modified_gmt":"2026-01-27T07:55:12","slug":"giornata-del-rispetto","status":"publish","type":"post","link":"https:\/\/comprensivogrottammare.edu.it\/index.php\/2026\/01\/22\/giornata-del-rispetto\/","title":{"rendered":"La Giornata del Rispetto"},"content":{"rendered":"<p>Avrebbe compiuto 27 anni il 20 gennaio 2026, ma la sua vita si \u00e8<span class=\"Apple-converted-space\">\u00a0 <\/span>precocemente<span class=\"Apple-converted-space\">\u00a0 <\/span>interrotta il 6 settembre del 2020 e non per cause naturali. Questo \u00e8 l\u2019epitaffio stringato di <strong>Willy Monteiro Duarte<\/strong>, un ragazzo italiano di origine capoverdiana, per cui il Presidente della Repubblica Italiana <strong>Sergio Mattarella<\/strong> ha conferito la medaglia d&#8217;oro al valore civile alla memoria, in virt\u00f9 del gesto altruistico che gli cost\u00f2 la vita, cio\u00e8 aiutare un amico in pericolo. Willy fu Ucciso in un pestaggio da quattro ragazzi. \u201c<em>Il 20 gennaio 2026, \u00e8 stata celebrata la Giornata del Rispetto in memoria di Willy Monteiro Duarte, il giovane ucciso nel 2020 per aver difeso un amico in difficolt\u00e0. \u201cQuesta ricorrenza<\/em><span class=\"Apple-converted-space\">\u00a0 <\/span>&#8211; come si legge in una Nota del Ministero dell\u2019Istruzione e del Merito &#8211; <em>rappresenta un\u2019occasione di riflessione e approfondimento sulla tematica del rispetto, anche al fine di prevenire e contrastare ogni forma di violenza psicologica e fisica connessa a fenomeni di bullismo e cyberbullismo. Una riflessione che si impone in misura ancora maggiore dopo l&#8217;uccisione del giovane Abanoub Youssef a La Spezia, avvenuta proprio tra le mura di un istituto scolastico\u201d<\/em>.<span class=\"Apple-converted-space\">\u00a0<\/span><\/p>\n<p>Da questo input, l\u2019Istituto Comprensivo \u201cGiacomo Leopardi\u201d di Grottammare ha Celebrato \u201c<strong>La Giornata del Rispetto<\/strong>\u201d presso il Teatro delle Energie il 20 gennaio. La dirigente Scolastica <strong>Luigina Silvestri<\/strong> ha voluto promuovere questo incontro-spettacolo, con la vicaria <strong>Luigina Ceddia<\/strong>, che insieme a <strong>Elisabetta Gricinella<\/strong>, realizza il progetto del <strong>CCR<\/strong> ossia del Consiglio Comunale dei Ragazzi. \u201c<em>42 consiglieri del consiglio comunale dei ragazzi di tutte le classi seconde e quinte della primaria del nostro Istituto \u2013 ha spiegato la Ceddia \u2013 hanno voluto organizzare in pochissimo tempo, di ritorno a scuola dalle vacanze natalizie, dal 7 gennaio, un momento di condivisione per ricordare Willy Monteiro e soprattutto come segno di contrasto al bullismo di ogni genere\u201d<\/em>.<span class=\"Apple-converted-space\">\u00a0<\/span><\/p>\n<p>Si \u00e8 svolto un incontro dedicato a tutti ed in particolar modo alle famiglie dei bambini delle quinte classi, che quest\u2019anno lasceranno la scuola primaria. A coadiuvare le due professoresse nella scaletta, sono stati tutti gli Insegnanti dell\u2019Istituto, ne citiamo solo alcuni, i professori di musica <strong>Federica Chiappini<\/strong> e <strong>Paolo Incicco<\/strong>, che hanno intrattenuto con un magnifico intermezzo ed accompagnamento musicale rispettivamente alla tastiera ed al violino per tutta la durata dell\u2019incontro. A suonare sono stati anche i ragazzi. Molti di loro hanno recitato poesie, mostrato cartelloni<span class=\"Apple-converted-space\">\u00a0 <\/span>e disegni sull\u2019argomento del rispetto, spiegato parole e concetti che invitavano all\u2019empatia, alla collaborazione, all\u2019inclusione. L\u2019occasione della giornata del Rispetto si \u00e8 svolta anche in vicinanza con l\u2019Open day, giorno in cui l\u2019Istituto come tutte le scuole del territorio, si \u201capre\u201d alle famiglie degli aspiranti alunni. Ci si \u00e8 soffermato sui alcuni passi della Costituzione Italiana, che mette la persona al centro.<span class=\"Apple-converted-space\">\u00a0<\/span><\/p>\n<p><img data-dominant-color=\"5e5957\" data-has-transparency=\"false\" style=\"--dominant-color: #5e5957;\" decoding=\"async\" loading=\"lazy\" class=\"not-transparent alignnone size-large wp-image-872\" src=\"https:\/\/comprensivogrottammare.edu.it\/wp-content\/uploads\/2026\/01\/ritoccata-ok-1024x674.webp\" alt=\"Giornata del rispetto 2026\" width=\"1024\" height=\"674\" srcset=\"https:\/\/comprensivogrottammare.edu.it\/wp-content\/uploads\/2026\/01\/ritoccata-ok-1024x674.webp 1024w, https:\/\/comprensivogrottammare.edu.it\/wp-content\/uploads\/2026\/01\/ritoccata-ok-300x197.webp 300w, https:\/\/comprensivogrottammare.edu.it\/wp-content\/uploads\/2026\/01\/ritoccata-ok-768x505.webp 768w, https:\/\/comprensivogrottammare.edu.it\/wp-content\/uploads\/2026\/01\/ritoccata-ok-1536x1011.webp 1536w, https:\/\/comprensivogrottammare.edu.it\/wp-content\/uploads\/2026\/01\/ritoccata-ok-380x250.webp 380w, https:\/\/comprensivogrottammare.edu.it\/wp-content\/uploads\/2026\/01\/ritoccata-ok-jpeg.webp 1693w\" sizes=\"(max-width: 1024px) 100vw, 1024px\" \/>I ragazzi hanno interpretato una danza-balletto avvalendosi del linguaggio LIS \u2013 Lingua dei Segni Italiana &#8211;<span class=\"Apple-converted-space\">\u00a0 <\/span>dei non udenti, ci\u00f2 a significare l\u2019infinita possibilit\u00e0 dei mezzi espressivi e soprattutto il rispetto per il \u201cdiverso\u201d e per le persone \u201cspeciali\u201d e recitato testi poetici anche in lingua francese e inglese. Per il progetto \u201c<strong>Eco School<\/strong>\u201d erano presenti le insegnanti <strong>Erica Perino<\/strong> e <strong>Anna Pompei<\/strong>, che hanno premiato il logo ecologico 2026 disegnato da A.M. e scelto dai ragazzi a scuola con una vera e propria votazione, come segno \u201cdistintivo\u201d delle varie attivit\u00e0 collegate ai progetti educativi ecologici.<span class=\"Apple-converted-space\">\u00a0<\/span><\/p>\n<p>All\u2019incontro era presente il <strong>Sindaco Alessandro Rocchi<\/strong>, con l\u2019assessore all\u2019inclusione sociale <strong>Monica Pomili<\/strong> e la Consigliera alle Politiche Scolastiche <strong>Oriana Vitarelli<\/strong>, tutti si sono complimentati per la Giornata del Rispetto e garantito massima collaborazione. La Preside Luigina Silvestri ha concluso spiegando quanto l\u2019Istituto stia lavorando da tempo all\u2019educazione civica, contro il bullismo e favorendo l\u2019inclusione dei ragazzi pi\u00f9 svantaggiati e fragili.<\/p>\n<p><img data-dominant-color=\"7e8a98\" data-has-transparency=\"false\" style=\"--dominant-color: #7e8a98;\" decoding=\"async\" loading=\"lazy\" class=\"not-transparent alignnone size-large wp-image-874\" src=\"https:\/\/comprensivogrottammare.edu.it\/wp-content\/uploads\/2026\/01\/WhatsApp-Image-2026-01-20-at-18.40.42-768x1024.webp\" alt=\"\" width=\"768\" height=\"1024\" srcset=\"https:\/\/comprensivogrottammare.edu.it\/wp-content\/uploads\/2026\/01\/WhatsApp-Image-2026-01-20-at-18.40.42-768x1024.webp 768w, https:\/\/comprensivogrottammare.edu.it\/wp-content\/uploads\/2026\/01\/WhatsApp-Image-2026-01-20-at-18.40.42-225x300.webp 225w, https:\/\/comprensivogrottammare.edu.it\/wp-content\/uploads\/2026\/01\/WhatsApp-Image-2026-01-20-at-18.40.42-1152x1536.webp 1152w, https:\/\/comprensivogrottammare.edu.it\/wp-content\/uploads\/2026\/01\/WhatsApp-Image-2026-01-20-at-18.40.42-188x250.webp 188w, https:\/\/comprensivogrottammare.edu.it\/wp-content\/uploads\/2026\/01\/WhatsApp-Image-2026-01-20-at-18.40.42-jpeg.webp 1500w\" sizes=\"(max-width: 768px) 100vw, 768px\" \/>A ciascun consigliere del consiglio comunale dei ragazzi \u00e8 stato fatto omaggio di una coccarda di \u201c<strong>ambasciatore del rispetto<\/strong>\u201d da portare ciascuno nella propria classe, per promuovere una cultura nuova. L\u2019Amministrazione comunale ha donato uno zainetto con un quaderno e una penna per prendere appunti \u201c di viaggio\u201d in questa avventura del CCR. La serata si \u00e8 conclusa con scroscianti applausi ed \u00e8 stata molto apprezzata dalle famiglie, ma soprattutto da loro: dai protagonisti, i ragazzi.<span class=\"Apple-converted-space\">\u00a0<\/span><\/p>\n<p style=\"text-align: right;\">(Susanna Faviani)<\/p>\n","protected":false},"excerpt":{"rendered":"<p>Avrebbe compiuto 27 anni il 20 gennaio 2026, ma la sua vita si \u00e8\u00a0 precocemente\u00a0 interrotta il 6 settembre del 2020 e non per cause naturali. Questo \u00e8 l\u2019epitaffio stringato di Willy Monteiro Duarte, un ragazzo [&hellip;]<\/p>\n","protected":false},"author":2,"featured_media":860,"comment_status":"closed","ping_status":"open","sticky":false,"template":"","format":"standard","meta":{"footnotes":""},"tags":[222,223,228,229,230],"_links":{"self":[{"href":"https:\/\/comprensivogrottammare.edu.it\/index.php\/wp-json\/wp\/v2\/posts\/858"}],"collection":[{"href":"https:\/\/comprensivogrottammare.edu.it\/index.php\/wp-json\/wp\/v2\/posts"}],"about":[{"href":"https:\/\/comprensivogrottammare.edu.it\/index.php\/wp-json\/wp\/v2\/types\/post"}],"author":[{"embeddable":true,"href":"https:\/\/comprensivogrottammare.edu.it\/index.php\/wp-json\/wp\/v2\/users\/2"}],"replies":[{"embeddable":true,"href":"https:\/\/comprensivogrottammare.edu.it\/index.php\/wp-json\/wp\/v2\/comments?post=858"}],"version-history":[{"count":5,"href":"https:\/\/comprensivogrottammare.edu.it\/index.php\/wp-json\/wp\/v2\/posts\/858\/revisions"}],"predecessor-version":[{"id":875,"href":"https:\/\/comprensivogrottammare.edu.it\/index.php\/wp-json\/wp\/v2\/posts\/858\/revisions\/875"}],"wp:featuredmedia":[{"embeddable":true,"href":"https:\/\/comprensivogrottammare.edu.it\/index.php\/wp-json\/wp\/v2\/media\/860"}],"wp:attachment":[{"href":"https:\/\/comprensivogrottammare.edu.it\/index.php\/wp-json\/wp\/v2\/media?parent=858"}],"wp:term":[{"taxonomy":"post_tag","embeddable":true,"href":"https:\/\/comprensivogrottammare.edu.it\/index.php\/wp-json\/wp\/v2\/tags?post=858"}],"curies":[{"name":"wp","href":"https:\/\/api.w.org\/{rel}","templated":true}]}}