{"id":610,"date":"2025-01-07T09:50:09","date_gmt":"2025-01-07T08:50:09","guid":{"rendered":"https:\/\/comprensivogrottammare.edu.it\/?p=610"},"modified":"2025-01-07T09:50:09","modified_gmt":"2025-01-07T08:50:09","slug":"rideterminazione-date-per-iscrizioni-alle-scuole-dellinfanzia-e-alle-scuole-del-primo-e-del-secondo-ciclo-di-istruzione-per-lanno-scolastico-2025-2026","status":"publish","type":"post","link":"https:\/\/comprensivogrottammare.edu.it\/index.php\/2025\/01\/07\/rideterminazione-date-per-iscrizioni-alle-scuole-dellinfanzia-e-alle-scuole-del-primo-e-del-secondo-ciclo-di-istruzione-per-lanno-scolastico-2025-2026\/","title":{"rendered":"Rideterminazione date per iscrizioni alle scuole dell\u2019infanzia e alle scuole del primo e del secondo ciclo di istruzione per l\u2019anno scolastico 2025\/2026"},"content":{"rendered":"<p>Si comunica che, al fine di consentire alle scuole di effettuare una pi\u00f9 ampia attivit\u00e0 di<br \/>\norientamento e alle famiglie di avere pi\u00f9 tempo per una scelta ponderata, \u00e8 stata modificata la finestra temporale per la presentazione delle domande di iscrizione.<\/p>\n<p>Le domande di iscrizione potranno essere presentate nel periodo compreso tra le ore 8:00 del giorno 21 gennaio 2025 e le ore 20:00 del giorno 10 febbraio 2025.<\/p>\n<p>Si allega la nota ministeriale ufficiale.<\/p>\n","protected":false},"excerpt":{"rendered":"<p>Si comunica che, al fine di consentire alle scuole di effettuare una pi\u00f9 ampia attivit\u00e0 di orientamento e alle famiglie di avere pi\u00f9 tempo per una scelta ponderata, \u00e8 stata modificata la finestra temporale per la [&hellip;]<\/p>\n","protected":false},"author":2,"featured_media":153,"comment_status":"closed","ping_status":"open","sticky":false,"template":"","format":"standard","meta":{"footnotes":""},"tags":[222,223,225,228,229,230],"_links":{"self":[{"href":"https:\/\/comprensivogrottammare.edu.it\/index.php\/wp-json\/wp\/v2\/posts\/610"}],"collection":[{"href":"https:\/\/comprensivogrottammare.edu.it\/index.php\/wp-json\/wp\/v2\/posts"}],"about":[{"href":"https:\/\/comprensivogrottammare.edu.it\/index.php\/wp-json\/wp\/v2\/types\/post"}],"author":[{"embeddable":true,"href":"https:\/\/comprensivogrottammare.edu.it\/index.php\/wp-json\/wp\/v2\/users\/2"}],"replies":[{"embeddable":true,"href":"https:\/\/comprensivogrottammare.edu.it\/index.php\/wp-json\/wp\/v2\/comments?post=610"}],"version-history":[{"count":1,"href":"https:\/\/comprensivogrottammare.edu.it\/index.php\/wp-json\/wp\/v2\/posts\/610\/revisions"}],"predecessor-version":[{"id":611,"href":"https:\/\/comprensivogrottammare.edu.it\/index.php\/wp-json\/wp\/v2\/posts\/610\/revisions\/611"}],"wp:featuredmedia":[{"embeddable":true,"href":"https:\/\/comprensivogrottammare.edu.it\/index.php\/wp-json\/wp\/v2\/media\/153"}],"wp:attachment":[{"href":"https:\/\/comprensivogrottammare.edu.it\/index.php\/wp-json\/wp\/v2\/media?parent=610"}],"wp:term":[{"taxonomy":"post_tag","embeddable":true,"href":"https:\/\/comprensivogrottammare.edu.it\/index.php\/wp-json\/wp\/v2\/tags?post=610"}],"curies":[{"name":"wp","href":"https:\/\/api.w.org\/{rel}","templated":true}]}}